{"id":2122,"date":"2018-07-02T22:29:20","date_gmt":"2018-07-02T20:29:20","guid":{"rendered":"https:\/\/zanrev.eu\/pipeline\/?p=2122"},"modified":"2019-12-06T09:59:48","modified_gmt":"2019-12-06T08:59:48","slug":"route-boucle-st-nizier-lans-en-vercors-gorges-du-furon","status":"publish","type":"post","link":"https:\/\/zanrev.eu\/pipeline\/2018\/07\/02\/route-boucle-st-nizier-lans-en-vercors-gorges-du-furon\/","title":{"rendered":"Route-boucles St Nizier\/Lans en Vercors et Col de la Charmette\/col du Coq Chartreuse"},"content":{"rendered":"<p><span style=\"font-family: verdana, geneva, sans-serif;\"><br \/>\n<span style=\"color: #ff0000;\">Lundi 2 Juillet<\/span><br \/>\nSortie pour braver les 34\u00b0C afin de s&rsquo;habituer au climat Espagnol.<\/span><br \/>\n<span style=\"font-family: verdana, geneva, sans-serif;\">Un petit col pour monter en altitude.<\/span><br \/>\n<span style=\"font-family: verdana, geneva, sans-serif;\">Passage dans les gorges du Furon et ses 25\u00b0C \u00e0 l&rsquo;ombre. Fra\u00eecheur garantie. Id\u00e9ale pour le pic nic de midi ou un ap\u00e9ro \u00e0 retardement un soir &#8230;<\/span><\/p>\n<p><strong>Parcours :<\/strong><br \/>\n<iframe style=\"width: 1px; min-width: 100%; height: 700px; border: none;\" src=\"https:\/\/rwgps-embeds.com\/embeds?type=trip&amp;id=25000647&amp;metricUnits=true&amp;sampleGraph=true&amp;privacyCode=aTDY2SQGuDkX9PtG\" scrolling=\"no\"><\/iframe><\/p>\n<p><span style=\"font-family: verdana, geneva, sans-serif;\"><span style=\"color: #ff0000;\">Mardi 3 Juillet<br \/>\n<\/span>Sortie avec B\u00e9bert et Patou.<br \/>\nLa mont\u00e9e sur le col de la Charmette entame bien. On se finit du coup avec la rude remont\u00e9e sur le col du Coq via la Molari\u00e8re juste apr\u00e8s le casse cro\u00fbte \u00e0 st Pierre de Chartreuse.<br \/>\n20\u00b0C au col du Coq et entr\u00e9e dans le four, position 9, 36\u00b0C dans le final de la descente sur st Ismier&#8230;<br \/>\n<\/span><span style=\"font-family: verdana, geneva, sans-serif;\">Session piscine et r\u00e9hydratation au houblon.<br \/>\nMerci B\u00e9bert.<\/span><\/p>\n<p><strong><span style=\"font-family: verdana, geneva, sans-serif;\">Parcours :<\/span><\/strong><br \/>\n<iframe style=\"width: 1px; min-width: 100%; height: 700px; border: none;\" src=\"https:\/\/rwgps-embeds.com\/embeds?type=trip&amp;id=25041456&amp;metricUnits=true&amp;sampleGraph=true&amp;privacyCode=q1avIz0tiYZA0NWp\" scrolling=\"no\"><\/iframe><a  href=\"https:\/\/zanrev.eu\/pipeline\/wp-content\/uploads\/2018\/07\/IMG-5606.jpg\" data-rel=\"lightbox-gallery-0\" data-rl_title=\"IMG-5606\" data-rl_caption=\"IMG-5606\" title=\"IMG-5606\"><img loading=\"lazy\" decoding=\"async\" class=\"alignnone wp-image-2126 size-medium\" src=\"https:\/\/zanrev.eu\/pipeline\/wp-content\/uploads\/2018\/07\/IMG-5606-300x225.jpg\" alt=\"tunnel col de la Charmette, versant N\" width=\"300\" height=\"225\" srcset=\"https:\/\/zanrev.eu\/pipeline\/wp-content\/uploads\/2018\/07\/IMG-5606-300x225.jpg 300w, https:\/\/zanrev.eu\/pipeline\/wp-content\/uploads\/2018\/07\/IMG-5606-768x576.jpg 768w, https:\/\/zanrev.eu\/pipeline\/wp-content\/uploads\/2018\/07\/IMG-5606-1024x768.jpg 1024w, https:\/\/zanrev.eu\/pipeline\/wp-content\/uploads\/2018\/07\/IMG-5606-370x278.jpg 370w, https:\/\/zanrev.eu\/pipeline\/wp-content\/uploads\/2018\/07\/IMG-5606-1040x780.jpg 1040w, https:\/\/zanrev.eu\/pipeline\/wp-content\/uploads\/2018\/07\/IMG-5606.jpg 1200w\" sizes=\"auto, (max-width: 300px) 100vw, 300px\" \/><\/a> <a  href=\"https:\/\/zanrev.eu\/pipeline\/wp-content\/uploads\/2018\/07\/IMG-5607.jpg\" data-rel=\"lightbox-gallery-0\" data-rl_title=\"IMG-5607\" data-rl_caption=\"IMG-5607\" title=\"IMG-5607\"><img loading=\"lazy\" decoding=\"async\" class=\"alignnone wp-image-2127 size-medium\" src=\"https:\/\/zanrev.eu\/pipeline\/wp-content\/uploads\/2018\/07\/IMG-5607-300x225.jpg\" alt=\"B\u00e9bert sort du tunnel\" width=\"300\" height=\"225\" srcset=\"https:\/\/zanrev.eu\/pipeline\/wp-content\/uploads\/2018\/07\/IMG-5607-300x225.jpg 300w, https:\/\/zanrev.eu\/pipeline\/wp-content\/uploads\/2018\/07\/IMG-5607-768x576.jpg 768w, https:\/\/zanrev.eu\/pipeline\/wp-content\/uploads\/2018\/07\/IMG-5607-1024x768.jpg 1024w, https:\/\/zanrev.eu\/pipeline\/wp-content\/uploads\/2018\/07\/IMG-5607-370x278.jpg 370w, https:\/\/zanrev.eu\/pipeline\/wp-content\/uploads\/2018\/07\/IMG-5607-1040x780.jpg 1040w, https:\/\/zanrev.eu\/pipeline\/wp-content\/uploads\/2018\/07\/IMG-5607.jpg 1200w\" sizes=\"auto, (max-width: 300px) 100vw, 300px\" \/><\/a> <a  href=\"https:\/\/zanrev.eu\/pipeline\/wp-content\/uploads\/2018\/07\/IMG-5611.jpg\" data-rel=\"lightbox-gallery-0\" data-rl_title=\"IMG-5611\" data-rl_caption=\"IMG-5611\" title=\"IMG-5611\"><img loading=\"lazy\" decoding=\"async\" class=\"alignnone wp-image-2128 size-medium\" src=\"https:\/\/zanrev.eu\/pipeline\/wp-content\/uploads\/2018\/07\/IMG-5611-300x225.jpg\" alt=\"route interdite et ferm\u00e9e (aux voitures) au dessus de St Hugues\" width=\"300\" height=\"225\" srcset=\"https:\/\/zanrev.eu\/pipeline\/wp-content\/uploads\/2018\/07\/IMG-5611-300x225.jpg 300w, https:\/\/zanrev.eu\/pipeline\/wp-content\/uploads\/2018\/07\/IMG-5611-768x576.jpg 768w, https:\/\/zanrev.eu\/pipeline\/wp-content\/uploads\/2018\/07\/IMG-5611-1024x768.jpg 1024w, https:\/\/zanrev.eu\/pipeline\/wp-content\/uploads\/2018\/07\/IMG-5611-370x278.jpg 370w, https:\/\/zanrev.eu\/pipeline\/wp-content\/uploads\/2018\/07\/IMG-5611-1040x780.jpg 1040w, https:\/\/zanrev.eu\/pipeline\/wp-content\/uploads\/2018\/07\/IMG-5611.jpg 1200w\" sizes=\"auto, (max-width: 300px) 100vw, 300px\" \/><\/a><br \/>\n<span style=\"font-family: verdana, geneva, sans-serif;\"><br \/>\nLe houblon peut se dire Hop. En plus, c&rsquo;est bon !<\/span><\/p>\n<p><iframe loading=\"lazy\" src=\"https:\/\/www.youtube.com\/embed\/ZvpsEFybnes\" width=\"560\" height=\"315\" frameborder=\"0\" allowfullscreen=\"allowfullscreen\"><\/iframe><\/p>\n","protected":false},"excerpt":{"rendered":"<p>Lundi 2 Juillet Sortie pour braver les 34\u00b0C afin de s&rsquo;habituer au climat Espagnol. Un petit col pour monter en altitude. Passage dans les gorges du Furon et ses 25\u00b0C \u00e0 l&rsquo;ombre. Fra\u00eecheur garantie. Id\u00e9ale pour le pic nic de midi ou un ap\u00e9ro \u00e0 retardement un soir &#8230; Parcours : Mardi 3 Juillet Sortie [&hellip;]<\/p>\n","protected":false},"author":2,"featured_media":2129,"comment_status":"open","ping_status":"open","sticky":false,"template":"","format":"standard","meta":{"footnotes":""},"categories":[27,22,5],"tags":[],"class_list":["post-2122","post","type-post","status-publish","format-standard","has-post-thumbnail","hentry","category-france","category-route","category-sport"],"amp_enabled":true,"_links":{"self":[{"href":"https:\/\/zanrev.eu\/pipeline\/wp-json\/wp\/v2\/posts\/2122","targetHints":{"allow":["GET"]}}],"collection":[{"href":"https:\/\/zanrev.eu\/pipeline\/wp-json\/wp\/v2\/posts"}],"about":[{"href":"https:\/\/zanrev.eu\/pipeline\/wp-json\/wp\/v2\/types\/post"}],"author":[{"embeddable":true,"href":"https:\/\/zanrev.eu\/pipeline\/wp-json\/wp\/v2\/users\/2"}],"replies":[{"embeddable":true,"href":"https:\/\/zanrev.eu\/pipeline\/wp-json\/wp\/v2\/comments?post=2122"}],"version-history":[{"count":0,"href":"https:\/\/zanrev.eu\/pipeline\/wp-json\/wp\/v2\/posts\/2122\/revisions"}],"wp:featuredmedia":[{"embeddable":true,"href":"https:\/\/zanrev.eu\/pipeline\/wp-json\/wp\/v2\/media\/2129"}],"wp:attachment":[{"href":"https:\/\/zanrev.eu\/pipeline\/wp-json\/wp\/v2\/media?parent=2122"}],"wp:term":[{"taxonomy":"category","embeddable":true,"href":"https:\/\/zanrev.eu\/pipeline\/wp-json\/wp\/v2\/categories?post=2122"},{"taxonomy":"post_tag","embeddable":true,"href":"https:\/\/zanrev.eu\/pipeline\/wp-json\/wp\/v2\/tags?post=2122"}],"curies":[{"name":"wp","href":"https:\/\/api.w.org\/{rel}","templated":true}]}}