{"id":2166,"date":"2018-07-09T21:21:00","date_gmt":"2018-07-09T19:21:00","guid":{"rendered":"https:\/\/zanrev.eu\/pipeline\/?p=2166"},"modified":"2019-12-06T09:57:44","modified_gmt":"2019-12-06T08:57:44","slug":"route-preparation-en-vue-du-raid-des-asturies-cantabries","status":"publish","type":"post","link":"https:\/\/zanrev.eu\/pipeline\/2018\/07\/09\/route-preparation-en-vue-du-raid-des-asturies-cantabries\/","title":{"rendered":"Route &#8211; Pr\u00e9paration en vue du Raid des Asturies-Cantabries"},"content":{"rendered":"<p><span style=\"font-family: verdana, geneva, sans-serif;\">D\u00e9part de Notre Dame de Vaulx avec Patou, B\u00e9bert et Pascal.<\/span><br \/>\n<span style=\"font-family: verdana, geneva, sans-serif;\">Balcon du Drac Monteynard\/Savel &gt; la Mure &gt; Valbonnais &gt; le D\u00e9sert de Valjouffrey.<\/span><br \/>\n<span style=\"font-family: verdana, geneva, sans-serif;\">D\u00e9jeuner en terrasse au g\u00eete des Arias puis on repart sur Valbonnais &gt; Sevioz &gt; Nantes Ratier &gt; Lafrey &gt; ND de Vaulx.<\/span><br \/>\n<span style=\"font-family: verdana, geneva, sans-serif;\">Superbe journ\u00e9e entre potes. M\u00e9t\u00e9o et environnement au top.<\/span><\/p>\n<p><span style=\"font-family: verdana, geneva, sans-serif;\">A refaire !<\/span><\/p>\n<p><strong><span style=\"font-family: verdana, geneva, sans-serif;\">Parcours :<\/span><\/strong><iframe style=\"width: 1px; min-width: 100%; height: 700px; border: none;\" src=\"https:\/\/rwgps-embeds.com\/embeds?type=trip&amp;id=25286529&amp;metricUnits=true&amp;sampleGraph=true&amp;privacyCode=nCEdOwMaNLGJwSsH\" scrolling=\"no\"><\/iframe><\/p>\n","protected":false},"excerpt":{"rendered":"<p>D\u00e9part de Notre Dame de Vaulx avec Patou, B\u00e9bert et Pascal. Balcon du Drac Monteynard\/Savel &gt; la Mure &gt; Valbonnais &gt; le D\u00e9sert de Valjouffrey. D\u00e9jeuner en terrasse au g\u00eete des Arias puis on repart sur Valbonnais &gt; Sevioz &gt; Nantes Ratier &gt; Lafrey &gt; ND de Vaulx. Superbe journ\u00e9e entre potes. M\u00e9t\u00e9o et environnement [&hellip;]<\/p>\n","protected":false},"author":2,"featured_media":0,"comment_status":"open","ping_status":"open","sticky":false,"template":"","format":"standard","meta":{"footnotes":""},"categories":[27,22,5,4],"tags":[],"class_list":["post-2166","post","type-post","status-publish","format-standard","hentry","category-france","category-route","category-sport","category-voyage"],"amp_enabled":true,"_links":{"self":[{"href":"https:\/\/zanrev.eu\/pipeline\/wp-json\/wp\/v2\/posts\/2166","targetHints":{"allow":["GET"]}}],"collection":[{"href":"https:\/\/zanrev.eu\/pipeline\/wp-json\/wp\/v2\/posts"}],"about":[{"href":"https:\/\/zanrev.eu\/pipeline\/wp-json\/wp\/v2\/types\/post"}],"author":[{"embeddable":true,"href":"https:\/\/zanrev.eu\/pipeline\/wp-json\/wp\/v2\/users\/2"}],"replies":[{"embeddable":true,"href":"https:\/\/zanrev.eu\/pipeline\/wp-json\/wp\/v2\/comments?post=2166"}],"version-history":[{"count":0,"href":"https:\/\/zanrev.eu\/pipeline\/wp-json\/wp\/v2\/posts\/2166\/revisions"}],"wp:attachment":[{"href":"https:\/\/zanrev.eu\/pipeline\/wp-json\/wp\/v2\/media?parent=2166"}],"wp:term":[{"taxonomy":"category","embeddable":true,"href":"https:\/\/zanrev.eu\/pipeline\/wp-json\/wp\/v2\/categories?post=2166"},{"taxonomy":"post_tag","embeddable":true,"href":"https:\/\/zanrev.eu\/pipeline\/wp-json\/wp\/v2\/tags?post=2166"}],"curies":[{"name":"wp","href":"https:\/\/api.w.org\/{rel}","templated":true}]}}