{"id":2189,"date":"2018-07-25T15:45:59","date_gmt":"2018-07-25T13:45:59","guid":{"rendered":"https:\/\/zanrev.eu\/pipeline\/?p=2189"},"modified":"2019-12-06T09:56:07","modified_gmt":"2019-12-06T08:56:07","slug":"cyclisme-sur-route-au-paradis-naturel-de-lespagne","status":"publish","type":"post","link":"https:\/\/zanrev.eu\/pipeline\/2018\/07\/25\/cyclisme-sur-route-au-paradis-naturel-de-lespagne\/","title":{"rendered":"Cyclisme sur route au Paradis naturel de l&rsquo;Espagne"},"content":{"rendered":"<p><span style=\"font-family: verdana, geneva, sans-serif;\">Autour des Picos de Europa, entre Cantabrie et Asturies ou plus \u00e0 l&rsquo;Est en Galice, virevoltent de belles petites routes qui s&rsquo;\u00e9l\u00e8vent doucement dans des plaines fluviales pour franchir des puertos parfois bien embrum\u00e9s. Le climat oc\u00e9anique apporte son lot de fra\u00eecheur et d&rsquo;humidit\u00e9. L&rsquo;hygrom\u00e9trie y est importante. On n&rsquo;aura jamais eu tr\u00e8s chaud, ni \u00e0 suer sang et eau, comme on pouvait s&rsquo;y attendre.<\/span><br \/>\n<span style=\"font-family: verdana, geneva, sans-serif;\">Et c&rsquo;est un mieux pour certains, peut-\u00eatre pas pour certaines. En tous cas, on aura toujours fini les boucles pr\u00e9vues, dans des conditions atmosph\u00e9riques tr\u00e8s changeantes mais jamais extr\u00eames.<\/span><br \/>\n<span style=\"font-family: verdana, geneva, sans-serif;\">Quelques p\u00e9pins m\u00e9caniques (4 crevaisons, 1 casse de rayon), pas de chutes, pas de bobos.\u00a0<\/span><span style=\"font-family: verdana, geneva, sans-serif;\">600km pour presque 10.000m D+, \u00e7a reste honorable.<\/span><br \/>\n<span style=\"font-family: verdana, geneva, sans-serif;\">Soleil et crachin se succ\u00e8dent ou se compl\u00e8tent pour nous offrir des tableaux de vert, ou de bleu, entre for\u00eats et p\u00e2turages, entre lacs ou oc\u00e9ans et ciel profond. Le gris des montagnes au pied de l&#8217;embalse de Riano sera la photo souvenir de ce trip route.<\/span><br \/>\n<span style=\"font-family: verdana, geneva, sans-serif;\">Question balade, se sera bien \u00e9videmment la plage des Cath\u00e9drales en Galice.<\/span><br \/>\n<span style=\"font-family: verdana, geneva, sans-serif;\">On aura aussi fait \u00ab\u00a0la cure\u00a0\u00bb de poissons marins et autres fruits de mer, toujours bien arros\u00e9s par un \u00ab\u00a0crachin\u00a0\u00bb local, rouge ou blanc mais toujours des fonds de verre &#8230;<\/span><br \/>\n<span style=\"font-family: verdana, geneva, sans-serif;\">Bi\u00e8res, tapas, bocadillos, caf\u00e9. La routine journali\u00e8re, quoi \ud83d\ude42<\/span><\/p>\n<p><span style=\"font-family: verdana, geneva, sans-serif;\">Bien bonne \u00e9quipe avec des challengers et des poseurs de mines, des poseuses en bord mer, voire m\u00eame des femmes esseul\u00e9es en sir\u00e8ne de Copenhague. Quelques exploratrices aussi qui auront brav\u00e9 les failles sombres des falaises. Heureusement que les grandes mar\u00e9es ne s&rsquo;\u00e9taient pas invit\u00e9es &#8230;<\/span><br \/>\n<span style=\"font-family: verdana, geneva, sans-serif;\">J&rsquo;aurai aussi chronom\u00e9tr\u00e9 2 descendeuses \u00e0 + de 53km\/h de moyenne !\u00a0<\/span><span style=\"font-family: verdana, geneva, sans-serif;\">Il va falloir s&rsquo;accrocher les mecs. Mais \u00e7a on le savait.<\/span><br \/>\n<span style=\"font-family: verdana, geneva, sans-serif;\">Allez, ne changez rien et vive la Catalogne 2019!<\/span><\/p>\n<p><span style=\"font-family: verdana, geneva, sans-serif;\">PS: en esp\u00e9rant qu&rsquo;El Jeffe (le barcelonnais) ne perdre pas la carte (routi\u00e8re) \ud83d\ude42<\/span><\/p>\n<p><span style=\"color: #000000;\"><strong><span style=\"font-family: verdana, geneva, sans-serif;\">Parcours:<\/span><\/strong><\/span><br \/>\n<iframe style=\"width: 1px; min-width: 100%; height: 700px; border: none;\" src=\"https:\/\/rwgps-embeds.com\/embeds?type=trip&amp;id=25907939&amp;metricUnits=true&amp;sampleGraph=true&amp;privacyCode=kHCv1Rnxz7YS74Ng\" scrolling=\"no\"><\/iframe><\/p>\n<p><iframe style=\"width: 1px; min-width: 100%; height: 700px; border: none;\" src=\"https:\/\/rwgps-embeds.com\/embeds?type=trip&amp;id=25605933&amp;metricUnits=true&amp;sampleGraph=true&amp;privacyCode=Ew9ZX8X3Psb7HA1b\" scrolling=\"no\"><\/iframe><\/p>\n<p><iframe style=\"width: 1px; min-width: 100%; height: 700px; border: none;\" src=\"https:\/\/rwgps-embeds.com\/embeds?type=trip&amp;id=25638696&amp;metricUnits=true&amp;sampleGraph=true&amp;privacyCode=2NLO1B0LrnB1VD6d\" scrolling=\"no\"><\/iframe><\/p>\n<p><iframe style=\"width: 1px; min-width: 100%; height: 700px; border: none;\" src=\"https:\/\/rwgps-embeds.com\/embeds?type=trip&amp;id=25728915&amp;metricUnits=true&amp;sampleGraph=true&amp;privacyCode=gPbPk4F8FuY1pb94\" scrolling=\"no\"><\/iframe><\/p>\n<p><iframe style=\"width: 1px; min-width: 100%; height: 700px; border: none;\" src=\"https:\/\/rwgps-embeds.com\/embeds?type=trip&amp;id=25768861&amp;metricUnits=true&amp;sampleGraph=true&amp;privacyCode=ctJsbX7yBfDtyVb1\" scrolling=\"no\"><\/iframe><\/p>\n<p><iframe style=\"width: 1px; min-width: 100%; height: 700px; border: none;\" src=\"https:\/\/rwgps-embeds.com\/embeds?type=trip&amp;id=25800308&amp;metricUnits=true&amp;sampleGraph=true&amp;privacyCode=JG77qY2mjrkWF8Yw\" scrolling=\"no\"><\/iframe><\/p>\n","protected":false},"excerpt":{"rendered":"<p>Autour des Picos de Europa, entre Cantabrie et Asturies ou plus \u00e0 l&rsquo;Est en Galice, virevoltent de belles petites routes qui s&rsquo;\u00e9l\u00e8vent doucement dans des plaines fluviales pour franchir des puertos parfois bien embrum\u00e9s. Le climat oc\u00e9anique apporte son lot de fra\u00eecheur et d&rsquo;humidit\u00e9. L&rsquo;hygrom\u00e9trie y est importante. On n&rsquo;aura jamais eu tr\u00e8s chaud, ni [&hellip;]<\/p>\n","protected":false},"author":2,"featured_media":0,"comment_status":"open","ping_status":"open","sticky":false,"template":"","format":"standard","meta":{"footnotes":""},"categories":[25,22,5,4],"tags":[],"class_list":["post-2189","post","type-post","status-publish","format-standard","hentry","category-espagne","category-route","category-sport","category-voyage"],"amp_enabled":true,"_links":{"self":[{"href":"https:\/\/zanrev.eu\/pipeline\/wp-json\/wp\/v2\/posts\/2189","targetHints":{"allow":["GET"]}}],"collection":[{"href":"https:\/\/zanrev.eu\/pipeline\/wp-json\/wp\/v2\/posts"}],"about":[{"href":"https:\/\/zanrev.eu\/pipeline\/wp-json\/wp\/v2\/types\/post"}],"author":[{"embeddable":true,"href":"https:\/\/zanrev.eu\/pipeline\/wp-json\/wp\/v2\/users\/2"}],"replies":[{"embeddable":true,"href":"https:\/\/zanrev.eu\/pipeline\/wp-json\/wp\/v2\/comments?post=2189"}],"version-history":[{"count":0,"href":"https:\/\/zanrev.eu\/pipeline\/wp-json\/wp\/v2\/posts\/2189\/revisions"}],"wp:attachment":[{"href":"https:\/\/zanrev.eu\/pipeline\/wp-json\/wp\/v2\/media?parent=2189"}],"wp:term":[{"taxonomy":"category","embeddable":true,"href":"https:\/\/zanrev.eu\/pipeline\/wp-json\/wp\/v2\/categories?post=2189"},{"taxonomy":"post_tag","embeddable":true,"href":"https:\/\/zanrev.eu\/pipeline\/wp-json\/wp\/v2\/tags?post=2189"}],"curies":[{"name":"wp","href":"https:\/\/api.w.org\/{rel}","templated":true}]}}