{"id":7778,"date":"2019-06-14T11:38:52","date_gmt":"2019-06-14T09:38:52","guid":{"rendered":"https:\/\/zanrev.eu\/pipeline\/?p=7778"},"modified":"2019-12-05T18:42:31","modified_gmt":"2019-12-05T17:42:31","slug":"a-la-recerca-del-rastre-de-fontra-par-le-col-de-lours-aquest-no-es-catala","status":"publish","type":"post","link":"https:\/\/zanrev.eu\/pipeline\/2019\/06\/14\/a-la-recerca-del-rastre-de-fontra-par-le-col-de-lours-aquest-no-es-catala\/","title":{"rendered":"A la recerca del rastre de Fontra al coll de l&rsquo;\u00d3s (aquest no \u00e9s catal\u00e0)*"},"content":{"rendered":"\n<p><strong>Jeudi 13 Juin<\/strong>,<br \/>comme je n&rsquo;ai pas pu faire honneur samedi dernier \u00e0 la demande d&rsquo;Henri, le minimum pour ma part \u00e9tait d&rsquo;aller rouler son itin\u00e9raire aujourd&rsquo;hui, jour de soleil et de grand beau.<br \/>Avec les 3 derniers jours de pluie, le sol est bien tendre et le grip ph\u00e9nom\u00e9nal!<br \/>Comme je suis fort (\u00e9lectris\u00e9), j&rsquo;ai rajout\u00e9 une boucle: descente par les Combettes et remont\u00e9e par le bois de Combe Payraud. Au d\u00e9part, j&rsquo;avais point\u00e9 les Pichi\u00e8res mais la difficult\u00e9 du sentier n&rsquo;est pas encore compatible avec ma cheville. J&rsquo;ai d&rsquo;ailleurs rencontr\u00e9 2 v\u00e9t\u00e9tistes du cru qui y allaient. Sympathique rencontre improbable et \u00e7a fait toujours plaisir de discuter de notre passion.<br \/>Apr\u00e8s la remont\u00e9e sur les cr\u00eates au niveau du Pas de l&rsquo;Ours et la pause glucide qui va bien, Je trouve la trace d&rsquo;Henri et j&rsquo;encha\u00eene par le sentier <a href=\"http:\/\/url=http:\/\/www.singletrack.fr\/sentiers\/,5819.html\" data-wplink-url-error=\"true\">Haut de la Combe du Pertus du Lac<\/a> qui ne demande qu&rsquo;\u00e0 \u00eatre roul\u00e9 et fini par le sentier <a href=\"http:\/\/www.singletrack.fr\/sentiers\/,3425.html\">de Van Gogh<\/a>.<br \/>Jolie trace sauvage depuis les cr\u00eates, \u00e0 faire et \u00e0 refaire. Il faut du passage !<br \/>Ensuite pour aller chercher la DH de coco, plein Sud, ce sont 8.5km via le col de la Croix Perrin de bouts de sentier, de pistes foresti\u00e8res et de chemin de cailloux blancs.<br \/>D&rsquo;ailleurs j&rsquo;en ai vu un de ticaillou&#8230;<br \/>Allez, le sentier\u00a0<a href=\"http:\/\/www.singletrack.fr\/sentiers\/,5618.html\">Traff\u00e9 dit la DH de Coco<\/a> part \u00e0 gauche, propre, bien trac\u00e9, sinueux, avec des sauts naturels. Superbe sentier qui joue avec le relief et les obstacles naturels. Du tout bon. J&rsquo;ai m\u00eame quelques adh\u00e9rences qui ont p\u00e9t\u00e9, un peu mal au niveau des ligaments mais c&rsquo;est pour la bonne cause.<br \/>Mon kin\u00e9 est en cong\u00e9s, le Traff\u00e9 l&rsquo;a remplac\u00e9 \ud83d\ude09<\/p>\n<p>En bilan, une belle journ\u00e9e avec des rencontres et d\u00e9couvertes sympathiques, les chants d&rsquo;oiseaux en fond sonore.<br \/>Depuis Lans en Vercors\/Villard de Lans, le choix de sentiers commence \u00e0 s&rsquo;\u00e9toffer.<br \/>La pente n&rsquo;est jamais raide et cela donne de beaux parcours sinueux.<br \/>Arriv\u00e9e avec 4% de batterie restant (1.9km de r\u00e9serve).<\/p>\n<p>*A la recherche de la trace de Fontra par le col de l&rsquo;Ours (pas catalan celui l\u00e0)<\/p>\n\n\n\n<br>\n<b>Parcours:<\/b><br>\n<br>\n<iframe src=\"https:\/\/ridewithgps.com\/embeds?type=trip&amp;id=35912452&amp;metricUnits=true&amp;sampleGraph=true&amp;privacyCode=cDOAJEOwcvadjEqW\" style=\"width: 1px; min-width: 100%; height: 700px; border: none;\" scrolling=\"no\"><\/iframe>\n\n\n\n<figure class=\"wp-block-gallery columns-3 is-cropped wp-block-gallery-1 is-layout-flex wp-block-gallery-is-layout-flex\"><ul class=\"blocks-gallery-grid\"><li class=\"blocks-gallery-item\"><figure><a  href=\"https:\/\/zanrev.eu\/pipeline\/wp-content\/uploads\/2019\/06\/DSC06288-1024x577.jpg\" data-rel=\"lightbox-gallery-0\" data-rl_title=\"DSC06288\" data-rl_caption=\"DSC06288\" title=\"DSC06288\"><img loading=\"lazy\" decoding=\"async\" width=\"1024\" height=\"577\" src=\"https:\/\/zanrev.eu\/pipeline\/wp-content\/uploads\/2019\/06\/DSC06288-1024x577.jpg\" alt=\"\" data-id=\"7786\" data-link=\"https:\/\/zanrev.eu\/pipeline\/2019\/06\/14\/a-la-recerca-del-rastre-de-fontra-par-le-col-de-lours-aquest-no-es-catala\/dsc06288\/\" class=\"wp-image-7786\" srcset=\"https:\/\/zanrev.eu\/pipeline\/wp-content\/uploads\/2019\/06\/DSC06288-1024x577.jpg 1024w, https:\/\/zanrev.eu\/pipeline\/wp-content\/uploads\/2019\/06\/DSC06288-300x169.jpg 300w, https:\/\/zanrev.eu\/pipeline\/wp-content\/uploads\/2019\/06\/DSC06288-768x433.jpg 768w, https:\/\/zanrev.eu\/pipeline\/wp-content\/uploads\/2019\/06\/DSC06288-370x208.jpg 370w, https:\/\/zanrev.eu\/pipeline\/wp-content\/uploads\/2019\/06\/DSC06288-1040x586.jpg 1040w\" sizes=\"auto, (max-width: 1024px) 100vw, 1024px\" \/><\/a><figcaption class=\"blocks-gallery-item__caption\">ou comment prendre du bon temps<\/figcaption><\/figure><\/li><li class=\"blocks-gallery-item\"><figure><a  href=\"https:\/\/zanrev.eu\/pipeline\/wp-content\/uploads\/2019\/06\/DSC06289-1-1024x577.jpg\" data-rel=\"lightbox-gallery-0\" data-rl_title=\"DSC06289-1\" data-rl_caption=\"DSC06289-1\" title=\"DSC06289-1\"><img loading=\"lazy\" decoding=\"async\" width=\"1024\" height=\"577\" src=\"https:\/\/zanrev.eu\/pipeline\/wp-content\/uploads\/2019\/06\/DSC06289-1-1024x577.jpg\" alt=\"\" data-id=\"7789\" data-link=\"https:\/\/zanrev.eu\/pipeline\/2019\/06\/14\/a-la-recerca-del-rastre-de-fontra-par-le-col-de-lours-aquest-no-es-catala\/dsc06289-1\/\" class=\"wp-image-7789\" srcset=\"https:\/\/zanrev.eu\/pipeline\/wp-content\/uploads\/2019\/06\/DSC06289-1-1024x577.jpg 1024w, https:\/\/zanrev.eu\/pipeline\/wp-content\/uploads\/2019\/06\/DSC06289-1-300x169.jpg 300w, https:\/\/zanrev.eu\/pipeline\/wp-content\/uploads\/2019\/06\/DSC06289-1-768x433.jpg 768w, https:\/\/zanrev.eu\/pipeline\/wp-content\/uploads\/2019\/06\/DSC06289-1-370x208.jpg 370w, https:\/\/zanrev.eu\/pipeline\/wp-content\/uploads\/2019\/06\/DSC06289-1-1040x586.jpg 1040w\" sizes=\"auto, (max-width: 1024px) 100vw, 1024px\" \/><\/a><figcaption class=\"blocks-gallery-item__caption\">p\u00e2turage verdoyant<\/figcaption><\/figure><\/li><li class=\"blocks-gallery-item\"><figure><a  href=\"https:\/\/zanrev.eu\/pipeline\/wp-content\/uploads\/2019\/06\/DSC06291-1024x577.jpg\" data-rel=\"lightbox-gallery-0\" data-rl_title=\"DSC06291\" data-rl_caption=\"DSC06291\" title=\"DSC06291\"><img loading=\"lazy\" decoding=\"async\" width=\"1024\" height=\"577\" src=\"https:\/\/zanrev.eu\/pipeline\/wp-content\/uploads\/2019\/06\/DSC06291-1024x577.jpg\" alt=\"\" data-id=\"7788\" data-link=\"https:\/\/zanrev.eu\/pipeline\/2019\/06\/14\/a-la-recerca-del-rastre-de-fontra-par-le-col-de-lours-aquest-no-es-catala\/dsc06291\/\" class=\"wp-image-7788\" srcset=\"https:\/\/zanrev.eu\/pipeline\/wp-content\/uploads\/2019\/06\/DSC06291-1024x577.jpg 1024w, https:\/\/zanrev.eu\/pipeline\/wp-content\/uploads\/2019\/06\/DSC06291-300x169.jpg 300w, https:\/\/zanrev.eu\/pipeline\/wp-content\/uploads\/2019\/06\/DSC06291-768x433.jpg 768w, https:\/\/zanrev.eu\/pipeline\/wp-content\/uploads\/2019\/06\/DSC06291-370x208.jpg 370w, https:\/\/zanrev.eu\/pipeline\/wp-content\/uploads\/2019\/06\/DSC06291-1040x586.jpg 1040w\" sizes=\"auto, (max-width: 1024px) 100vw, 1024px\" \/><\/a><figcaption class=\"blocks-gallery-item__caption\">du massif<\/figcaption><\/figure><\/li><li class=\"blocks-gallery-item\"><figure><a  href=\"https:\/\/zanrev.eu\/pipeline\/wp-content\/uploads\/2019\/06\/DSC06292-1024x577.jpg\" data-rel=\"lightbox-gallery-0\" data-rl_title=\"DSC06292\" data-rl_caption=\"DSC06292\" title=\"DSC06292\"><img loading=\"lazy\" decoding=\"async\" width=\"1024\" height=\"577\" src=\"https:\/\/zanrev.eu\/pipeline\/wp-content\/uploads\/2019\/06\/DSC06292-1024x577.jpg\" alt=\"\" data-id=\"7790\" data-link=\"https:\/\/zanrev.eu\/pipeline\/2019\/06\/14\/a-la-recerca-del-rastre-de-fontra-par-le-col-de-lours-aquest-no-es-catala\/dsc06292\/\" class=\"wp-image-7790\" srcset=\"https:\/\/zanrev.eu\/pipeline\/wp-content\/uploads\/2019\/06\/DSC06292-1024x577.jpg 1024w, https:\/\/zanrev.eu\/pipeline\/wp-content\/uploads\/2019\/06\/DSC06292-300x169.jpg 300w, https:\/\/zanrev.eu\/pipeline\/wp-content\/uploads\/2019\/06\/DSC06292-768x433.jpg 768w, https:\/\/zanrev.eu\/pipeline\/wp-content\/uploads\/2019\/06\/DSC06292-370x208.jpg 370w, https:\/\/zanrev.eu\/pipeline\/wp-content\/uploads\/2019\/06\/DSC06292-1040x586.jpg 1040w\" sizes=\"auto, (max-width: 1024px) 100vw, 1024px\" \/><\/a><figcaption class=\"blocks-gallery-item__caption\">difficile de trouver mieux pour p\u00e2turer<\/figcaption><\/figure><\/li><li class=\"blocks-gallery-item\"><figure><a  href=\"https:\/\/zanrev.eu\/pipeline\/wp-content\/uploads\/2019\/06\/DSC06294-1024x577.jpg\" data-rel=\"lightbox-gallery-0\" data-rl_title=\"DSC06294\" data-rl_caption=\"DSC06294\" title=\"DSC06294\"><img loading=\"lazy\" decoding=\"async\" width=\"1024\" height=\"577\" src=\"https:\/\/zanrev.eu\/pipeline\/wp-content\/uploads\/2019\/06\/DSC06294-1024x577.jpg\" alt=\"\" data-id=\"7791\" data-link=\"https:\/\/zanrev.eu\/pipeline\/2019\/06\/14\/a-la-recerca-del-rastre-de-fontra-par-le-col-de-lours-aquest-no-es-catala\/dsc06294\/\" class=\"wp-image-7791\" srcset=\"https:\/\/zanrev.eu\/pipeline\/wp-content\/uploads\/2019\/06\/DSC06294-1024x577.jpg 1024w, https:\/\/zanrev.eu\/pipeline\/wp-content\/uploads\/2019\/06\/DSC06294-300x169.jpg 300w, https:\/\/zanrev.eu\/pipeline\/wp-content\/uploads\/2019\/06\/DSC06294-768x433.jpg 768w, https:\/\/zanrev.eu\/pipeline\/wp-content\/uploads\/2019\/06\/DSC06294-370x208.jpg 370w, https:\/\/zanrev.eu\/pipeline\/wp-content\/uploads\/2019\/06\/DSC06294-1040x586.jpg 1040w\" sizes=\"auto, (max-width: 1024px) 100vw, 1024px\" \/><\/a><figcaption class=\"blocks-gallery-item__caption\">St Nizier, Arve, \u00c9crins<\/figcaption><\/figure><\/li><li class=\"blocks-gallery-item\"><figure><a  href=\"https:\/\/zanrev.eu\/pipeline\/wp-content\/uploads\/2019\/06\/DSC06295-1024x577.jpg\" data-rel=\"lightbox-gallery-0\" data-rl_title=\"DSC06295\" data-rl_caption=\"DSC06295\" title=\"DSC06295\"><img loading=\"lazy\" decoding=\"async\" width=\"1024\" height=\"577\" src=\"https:\/\/zanrev.eu\/pipeline\/wp-content\/uploads\/2019\/06\/DSC06295-1024x577.jpg\" alt=\"\" data-id=\"7792\" data-link=\"https:\/\/zanrev.eu\/pipeline\/2019\/06\/14\/a-la-recerca-del-rastre-de-fontra-par-le-col-de-lours-aquest-no-es-catala\/dsc06295\/\" class=\"wp-image-7792\" srcset=\"https:\/\/zanrev.eu\/pipeline\/wp-content\/uploads\/2019\/06\/DSC06295-1024x577.jpg 1024w, https:\/\/zanrev.eu\/pipeline\/wp-content\/uploads\/2019\/06\/DSC06295-300x169.jpg 300w, https:\/\/zanrev.eu\/pipeline\/wp-content\/uploads\/2019\/06\/DSC06295-768x433.jpg 768w, https:\/\/zanrev.eu\/pipeline\/wp-content\/uploads\/2019\/06\/DSC06295-370x208.jpg 370w, https:\/\/zanrev.eu\/pipeline\/wp-content\/uploads\/2019\/06\/DSC06295-1040x586.jpg 1040w\" sizes=\"auto, (max-width: 1024px) 100vw, 1024px\" \/><\/a><figcaption class=\"blocks-gallery-item__caption\">tout de jaune v\u00eatu<\/figcaption><\/figure><\/li><li class=\"blocks-gallery-item\"><figure><a  href=\"https:\/\/zanrev.eu\/pipeline\/wp-content\/uploads\/2019\/06\/DSC06297-1024x577.jpg\" data-rel=\"lightbox-gallery-0\" data-rl_title=\"DSC06297\" data-rl_caption=\"DSC06297\" title=\"DSC06297\"><img loading=\"lazy\" decoding=\"async\" width=\"1024\" height=\"577\" src=\"https:\/\/zanrev.eu\/pipeline\/wp-content\/uploads\/2019\/06\/DSC06297-1024x577.jpg\" alt=\"\" data-id=\"7793\" data-link=\"https:\/\/zanrev.eu\/pipeline\/2019\/06\/14\/a-la-recerca-del-rastre-de-fontra-par-le-col-de-lours-aquest-no-es-catala\/dsc06297\/\" class=\"wp-image-7793\" srcset=\"https:\/\/zanrev.eu\/pipeline\/wp-content\/uploads\/2019\/06\/DSC06297-1024x577.jpg 1024w, https:\/\/zanrev.eu\/pipeline\/wp-content\/uploads\/2019\/06\/DSC06297-300x169.jpg 300w, https:\/\/zanrev.eu\/pipeline\/wp-content\/uploads\/2019\/06\/DSC06297-768x433.jpg 768w, https:\/\/zanrev.eu\/pipeline\/wp-content\/uploads\/2019\/06\/DSC06297-370x208.jpg 370w, https:\/\/zanrev.eu\/pipeline\/wp-content\/uploads\/2019\/06\/DSC06297-1040x586.jpg 1040w\" sizes=\"auto, (max-width: 1024px) 100vw, 1024px\" \/><\/a><figcaption class=\"blocks-gallery-item__caption\">sentier kiffant (les Combettes)<\/figcaption><\/figure><\/li><li class=\"blocks-gallery-item\"><figure><a  href=\"https:\/\/zanrev.eu\/pipeline\/wp-content\/uploads\/2019\/06\/DSC06301-1024x577.jpg\" data-rel=\"lightbox-gallery-0\" data-rl_title=\"DSC06301\" data-rl_caption=\"DSC06301\" title=\"DSC06301\"><img loading=\"lazy\" decoding=\"async\" width=\"1024\" height=\"577\" src=\"https:\/\/zanrev.eu\/pipeline\/wp-content\/uploads\/2019\/06\/DSC06301-1024x577.jpg\" alt=\"\" data-id=\"7794\" data-link=\"https:\/\/zanrev.eu\/pipeline\/2019\/06\/14\/a-la-recerca-del-rastre-de-fontra-par-le-col-de-lours-aquest-no-es-catala\/dsc06301\/\" class=\"wp-image-7794\" srcset=\"https:\/\/zanrev.eu\/pipeline\/wp-content\/uploads\/2019\/06\/DSC06301-1024x577.jpg 1024w, https:\/\/zanrev.eu\/pipeline\/wp-content\/uploads\/2019\/06\/DSC06301-300x169.jpg 300w, https:\/\/zanrev.eu\/pipeline\/wp-content\/uploads\/2019\/06\/DSC06301-768x433.jpg 768w, https:\/\/zanrev.eu\/pipeline\/wp-content\/uploads\/2019\/06\/DSC06301-370x208.jpg 370w, https:\/\/zanrev.eu\/pipeline\/wp-content\/uploads\/2019\/06\/DSC06301-1040x586.jpg 1040w\" sizes=\"auto, (max-width: 1024px) 100vw, 1024px\" \/><\/a><figcaption class=\"blocks-gallery-item__caption\"> bassin grenoblois <\/figcaption><\/figure><\/li><li class=\"blocks-gallery-item\"><figure><a  href=\"https:\/\/zanrev.eu\/pipeline\/wp-content\/uploads\/2019\/06\/DSC06302-1024x577.jpg\" data-rel=\"lightbox-gallery-0\" data-rl_title=\"DSC06302\" data-rl_caption=\"DSC06302\" title=\"DSC06302\"><img loading=\"lazy\" decoding=\"async\" width=\"1024\" height=\"577\" src=\"https:\/\/zanrev.eu\/pipeline\/wp-content\/uploads\/2019\/06\/DSC06302-1024x577.jpg\" alt=\"\" data-id=\"7795\" data-link=\"https:\/\/zanrev.eu\/pipeline\/2019\/06\/14\/a-la-recerca-del-rastre-de-fontra-par-le-col-de-lours-aquest-no-es-catala\/dsc06302\/\" class=\"wp-image-7795\" srcset=\"https:\/\/zanrev.eu\/pipeline\/wp-content\/uploads\/2019\/06\/DSC06302-1024x577.jpg 1024w, https:\/\/zanrev.eu\/pipeline\/wp-content\/uploads\/2019\/06\/DSC06302-300x169.jpg 300w, https:\/\/zanrev.eu\/pipeline\/wp-content\/uploads\/2019\/06\/DSC06302-768x433.jpg 768w, https:\/\/zanrev.eu\/pipeline\/wp-content\/uploads\/2019\/06\/DSC06302-370x208.jpg 370w, https:\/\/zanrev.eu\/pipeline\/wp-content\/uploads\/2019\/06\/DSC06302-1040x586.jpg 1040w\" sizes=\"auto, (max-width: 1024px) 100vw, 1024px\" \/><\/a><figcaption class=\"blocks-gallery-item__caption\">tout est dans l&rsquo;Offset<\/figcaption><\/figure><\/li><li class=\"blocks-gallery-item\"><figure><a  href=\"https:\/\/zanrev.eu\/pipeline\/wp-content\/uploads\/2019\/06\/DSC06305-1024x577.jpg\" data-rel=\"lightbox-gallery-0\" data-rl_title=\"DSC06305\" data-rl_caption=\"DSC06305\" title=\"DSC06305\"><img loading=\"lazy\" decoding=\"async\" width=\"1024\" height=\"577\" src=\"https:\/\/zanrev.eu\/pipeline\/wp-content\/uploads\/2019\/06\/DSC06305-1024x577.jpg\" alt=\"\" data-id=\"7796\" data-link=\"https:\/\/zanrev.eu\/pipeline\/2019\/06\/14\/a-la-recerca-del-rastre-de-fontra-par-le-col-de-lours-aquest-no-es-catala\/dsc06305\/\" class=\"wp-image-7796\" srcset=\"https:\/\/zanrev.eu\/pipeline\/wp-content\/uploads\/2019\/06\/DSC06305-1024x577.jpg 1024w, https:\/\/zanrev.eu\/pipeline\/wp-content\/uploads\/2019\/06\/DSC06305-300x169.jpg 300w, https:\/\/zanrev.eu\/pipeline\/wp-content\/uploads\/2019\/06\/DSC06305-768x433.jpg 768w, https:\/\/zanrev.eu\/pipeline\/wp-content\/uploads\/2019\/06\/DSC06305-370x208.jpg 370w, https:\/\/zanrev.eu\/pipeline\/wp-content\/uploads\/2019\/06\/DSC06305-1040x586.jpg 1040w\" sizes=\"auto, (max-width: 1024px) 100vw, 1024px\" \/><\/a><figcaption class=\"blocks-gallery-item__caption\">enfin la trace de l&rsquo;Hentri<\/figcaption><\/figure><\/li><li class=\"blocks-gallery-item\"><figure><a  href=\"https:\/\/zanrev.eu\/pipeline\/wp-content\/uploads\/2019\/06\/DSC06308-1024x577.jpg\" data-rel=\"lightbox-gallery-0\" data-rl_title=\"DSC06308\" data-rl_caption=\"DSC06308\" title=\"DSC06308\"><img loading=\"lazy\" decoding=\"async\" width=\"1024\" height=\"577\" src=\"https:\/\/zanrev.eu\/pipeline\/wp-content\/uploads\/2019\/06\/DSC06308-1024x577.jpg\" alt=\"\" data-id=\"7797\" data-link=\"https:\/\/zanrev.eu\/pipeline\/2019\/06\/14\/a-la-recerca-del-rastre-de-fontra-par-le-col-de-lours-aquest-no-es-catala\/dsc06308\/\" class=\"wp-image-7797\" srcset=\"https:\/\/zanrev.eu\/pipeline\/wp-content\/uploads\/2019\/06\/DSC06308-1024x577.jpg 1024w, https:\/\/zanrev.eu\/pipeline\/wp-content\/uploads\/2019\/06\/DSC06308-300x169.jpg 300w, https:\/\/zanrev.eu\/pipeline\/wp-content\/uploads\/2019\/06\/DSC06308-768x433.jpg 768w, https:\/\/zanrev.eu\/pipeline\/wp-content\/uploads\/2019\/06\/DSC06308-370x208.jpg 370w, https:\/\/zanrev.eu\/pipeline\/wp-content\/uploads\/2019\/06\/DSC06308-1040x586.jpg 1040w\" sizes=\"auto, (max-width: 1024px) 100vw, 1024px\" \/><\/a><figcaption class=\"blocks-gallery-item__caption\">au souffle, un ange passe<\/figcaption><\/figure><\/li><li class=\"blocks-gallery-item\"><figure><a  href=\"https:\/\/zanrev.eu\/pipeline\/wp-content\/uploads\/2019\/06\/DSC06310-1024x577.jpg\" data-rel=\"lightbox-gallery-0\" data-rl_title=\"DSC06310\" data-rl_caption=\"DSC06310\" title=\"DSC06310\"><img loading=\"lazy\" decoding=\"async\" width=\"1024\" height=\"577\" src=\"https:\/\/zanrev.eu\/pipeline\/wp-content\/uploads\/2019\/06\/DSC06310-1024x577.jpg\" alt=\"\" data-id=\"7798\" data-link=\"https:\/\/zanrev.eu\/pipeline\/2019\/06\/14\/a-la-recerca-del-rastre-de-fontra-par-le-col-de-lours-aquest-no-es-catala\/dsc06310\/\" class=\"wp-image-7798\" srcset=\"https:\/\/zanrev.eu\/pipeline\/wp-content\/uploads\/2019\/06\/DSC06310-1024x577.jpg 1024w, https:\/\/zanrev.eu\/pipeline\/wp-content\/uploads\/2019\/06\/DSC06310-300x169.jpg 300w, https:\/\/zanrev.eu\/pipeline\/wp-content\/uploads\/2019\/06\/DSC06310-768x433.jpg 768w, https:\/\/zanrev.eu\/pipeline\/wp-content\/uploads\/2019\/06\/DSC06310-370x208.jpg 370w, https:\/\/zanrev.eu\/pipeline\/wp-content\/uploads\/2019\/06\/DSC06310-1040x586.jpg 1040w\" sizes=\"auto, (max-width: 1024px) 100vw, 1024px\" \/><\/a><figcaption class=\"blocks-gallery-item__caption\">\u00e7a ne vaut pas un clou !<\/figcaption><\/figure><\/li><li class=\"blocks-gallery-item\"><figure><a  href=\"https:\/\/zanrev.eu\/pipeline\/wp-content\/uploads\/2019\/06\/DSC06315-1024x577.jpg\" data-rel=\"lightbox-gallery-0\" data-rl_title=\"DSC06315\" data-rl_caption=\"DSC06315\" title=\"DSC06315\"><img loading=\"lazy\" decoding=\"async\" width=\"1024\" height=\"577\" src=\"https:\/\/zanrev.eu\/pipeline\/wp-content\/uploads\/2019\/06\/DSC06315-1024x577.jpg\" alt=\"\" data-id=\"7799\" data-link=\"https:\/\/zanrev.eu\/pipeline\/2019\/06\/14\/a-la-recerca-del-rastre-de-fontra-par-le-col-de-lours-aquest-no-es-catala\/dsc06315\/\" class=\"wp-image-7799\" srcset=\"https:\/\/zanrev.eu\/pipeline\/wp-content\/uploads\/2019\/06\/DSC06315-1024x577.jpg 1024w, https:\/\/zanrev.eu\/pipeline\/wp-content\/uploads\/2019\/06\/DSC06315-300x169.jpg 300w, https:\/\/zanrev.eu\/pipeline\/wp-content\/uploads\/2019\/06\/DSC06315-768x433.jpg 768w, https:\/\/zanrev.eu\/pipeline\/wp-content\/uploads\/2019\/06\/DSC06315-370x208.jpg 370w, https:\/\/zanrev.eu\/pipeline\/wp-content\/uploads\/2019\/06\/DSC06315-1040x586.jpg 1040w\" sizes=\"auto, (max-width: 1024px) 100vw, 1024px\" \/><\/a><figcaption class=\"blocks-gallery-item__caption\">Ticaillou<\/figcaption><\/figure><\/li><\/ul><\/figure>\n\n\n\n<br>\n<b>Un peu de Chill-out avec Goldfrapp &#8211; Little Bird &#8211; <\/b><br>\n<br>\n<iframe loading=\"lazy\" width=\"560\" height=\"315\" src=\"https:\/\/www.youtube.com\/embed\/4l4PkcX8UEM\" frameborder=\"0\" allow=\"accelerometer; autoplay; encrypted-media; gyroscope; picture-in-picture\" allowfullscreen=\"\"><\/iframe>\n","protected":false},"excerpt":{"rendered":"<p>Jeudi 13 Juin,comme je n&rsquo;ai pas pu faire honneur samedi dernier \u00e0 la demande d&rsquo;Henri, le minimum pour ma part \u00e9tait d&rsquo;aller rouler son itin\u00e9raire aujourd&rsquo;hui, jour de soleil et de grand beau.Avec les 3 derniers jours de pluie, le sol est bien tendre et le grip ph\u00e9nom\u00e9nal!Comme je suis fort (\u00e9lectris\u00e9), j&rsquo;ai rajout\u00e9 une [&hellip;]<\/p>\n","protected":false},"author":2,"featured_media":7807,"comment_status":"open","ping_status":"open","sticky":false,"template":"","format":"standard","meta":{"footnotes":""},"categories":[27,5,20],"tags":[],"class_list":["post-7778","post","type-post","status-publish","format-standard","has-post-thumbnail","hentry","category-france","category-sport","category-vtt"],"amp_enabled":true,"_links":{"self":[{"href":"https:\/\/zanrev.eu\/pipeline\/wp-json\/wp\/v2\/posts\/7778","targetHints":{"allow":["GET"]}}],"collection":[{"href":"https:\/\/zanrev.eu\/pipeline\/wp-json\/wp\/v2\/posts"}],"about":[{"href":"https:\/\/zanrev.eu\/pipeline\/wp-json\/wp\/v2\/types\/post"}],"author":[{"embeddable":true,"href":"https:\/\/zanrev.eu\/pipeline\/wp-json\/wp\/v2\/users\/2"}],"replies":[{"embeddable":true,"href":"https:\/\/zanrev.eu\/pipeline\/wp-json\/wp\/v2\/comments?post=7778"}],"version-history":[{"count":0,"href":"https:\/\/zanrev.eu\/pipeline\/wp-json\/wp\/v2\/posts\/7778\/revisions"}],"wp:featuredmedia":[{"embeddable":true,"href":"https:\/\/zanrev.eu\/pipeline\/wp-json\/wp\/v2\/media\/7807"}],"wp:attachment":[{"href":"https:\/\/zanrev.eu\/pipeline\/wp-json\/wp\/v2\/media?parent=7778"}],"wp:term":[{"taxonomy":"category","embeddable":true,"href":"https:\/\/zanrev.eu\/pipeline\/wp-json\/wp\/v2\/categories?post=7778"},{"taxonomy":"post_tag","embeddable":true,"href":"https:\/\/zanrev.eu\/pipeline\/wp-json\/wp\/v2\/tags?post=7778"}],"curies":[{"name":"wp","href":"https:\/\/api.w.org\/{rel}","templated":true}]}}